{"id":149,"date":"2024-04-17T10:54:57","date_gmt":"2024-04-17T08:54:57","guid":{"rendered":"https:\/\/sparrow.up.poznan.pl\/life\/bg\/?p=149"},"modified":"2024-06-20T16:50:24","modified_gmt":"2024-06-20T14:50:24","slug":"control-at-wintering-grounds","status":"publish","type":"post","link":"https:\/\/sparrow.up.poznan.pl\/life\/tr\/2024\/04\/17\/control-at-wintering-grounds\/","title":{"rendered":"K\u0131\u015flama alanlar\u0131nda kontrol"},"content":{"rendered":"\n<p>G\u00f6\u00e7 s\u0131ras\u0131nda ve k\u0131\u015flama alanlar\u0131nda ku\u015flar\u0131n y\u00fcksek oranda \u00f6lmesi, B\u00fcy\u00fck Benekli Kartal&#8217;\u0131n pop\u00fclasyon b\u00fcy\u00fckl\u00fc\u011f\u00fc \u00fczerinde \u00f6nemli bir etkiye sahiptir. Koruman\u0131n bu y\u00f6n\u00fc projemizin \u00f6nemli bir par\u00e7as\u0131d\u0131r. Yunanistan ve T\u00fcrkiye&#8217;den ortaklar\u0131m\u0131zla y\u00fcr\u00fctt\u00fc\u011f\u00fcm\u00fcz i\u015fbirli\u011finin, kendi b\u00f6lgelerinde k\u0131\u015flayan ku\u015flar\u0131n \u00f6l\u00fcmlerini azaltmas\u0131 beklenmektedir.<\/p>\n\n\n\n<p>Artan \u00f6l\u00fcmler, g\u00f6\u00e7 s\u0131ras\u0131nda ku\u015flar\u0131n vurulmas\u0131, elektrik hatlar\u0131 ve binalarla \u00e7arp\u0131\u015fmalar, zehirli yiyeceklerin b\u0131rak\u0131lmas\u0131 ve k\u0131\u015flama alanlar\u0131ndaki sulak alanlar\u0131n ortadan kalkmas\u0131 gibi \u00e7e\u015fitli insan faaliyetlerinden kaynaklanmaktad\u0131r. Y\u0131rt\u0131c\u0131 ku\u015flar\u0131n \u00e7ift\u00e7iler ve avc\u0131lar taraf\u0131ndan zehirli etle \u00f6ld\u00fcr\u00fclmesi, ne yaz\u0131k ki koyun, ke\u00e7i ve s\u0131\u011f\u0131r yeti\u015ftiricili\u011fi yapan s\u00fcr\u00fclere zarar veren memeli y\u0131rt\u0131c\u0131l\u0131\u011f\u0131n\u0131 azaltmak i\u00e7in kullan\u0131lan \u00e7ok yayg\u0131n bir uygulamad\u0131r. Kurtlar\u0131n, tilkilerin, \u00e7akallar\u0131n ve ba\u015f\u0131bo\u015f k\u00f6peklerin yok edilmesine katk\u0131da bulunan bu eylem ne yaz\u0131k ki k\u0131\u015flayan B\u00fcy\u00fck Benekli Kartallar\u0131n say\u0131s\u0131n\u0131 da olumsuz etkilemektedir.<\/p>\n\n\n\n<p>Ekibimiz taraf\u0131ndan planlanan ve \u00fcstlenilen faaliyetler, kartal\u0131n korunmas\u0131 konusunda kamu bilincini art\u0131rmay\u0131 ve t\u00fcr\u00fcn korunmas\u0131n\u0131 destekleyen iyi uygulamalar\u0131 hayata ge\u00e7irmeyi ama\u00e7lamaktad\u0131r. G\u00f6revler aras\u0131nda ku\u015flar i\u00e7in beslenme alanlar\u0131 olu\u015fturmaya odaklanan aktif koruma, ka\u00e7ak avlanmay\u0131 azaltmak i\u00e7in b\u00f6lgede devriye gezme veya olas\u0131 elektrik \u00e7arpmalar\u0131n\u0131 \u00f6nlemek i\u00e7in elektrik direklerini yal\u0131tma yer alacak. Bu faaliyetlerin yan\u0131 s\u0131ra, t\u00fcre ili\u015fkin alg\u0131lar\u0131 de\u011fi\u015ftirmek ve y\u0131rt\u0131c\u0131 ku\u015flar\u0131n vurulmas\u0131 ve zehirlenmesi sorununa dikkat \u00e7ekmek ve ku\u015flar\u0131n vurulmas\u0131 ve zehirlenmesi uygulamas\u0131na kar\u015f\u0131 g\u00f6\u00e7men ku\u015flar\u0131n Yunanistan ve T\u00fcrkiye&#8217;de bir turizm de\u011feri oldu\u011funu vurgulamak i\u00e7in bir kampanya y\u00fcr\u00fct\u00fclecektir.<\/p>\n\n\n\n<p>Foto\u011fraflar: \u015eubat ay\u0131nda Yunanistan&#8217;daki k\u0131\u015flama alanlar\u0131nda kaydedilen B\u00fcy\u00fck Benekli Kartallar ve ya\u015fam alanlar\u0131.<\/p>\n\n\n\n<figure class=\"wp-block-image size-large\"><img fetchpriority=\"high\" decoding=\"async\" width=\"1024\" height=\"682\" src=\"https:\/\/sparrow.up.poznan.pl\/life\/tr\/wp-content\/uploads\/2024\/05\/orlik_2-1024x682.jpg\" alt=\"\" class=\"wp-image-151\" srcset=\"https:\/\/sparrow.up.poznan.pl\/life\/tr\/wp-content\/uploads\/2024\/05\/orlik_2-1024x682.jpg 1024w, https:\/\/sparrow.up.poznan.pl\/life\/tr\/wp-content\/uploads\/2024\/05\/orlik_2-300x200.jpg 300w, https:\/\/sparrow.up.poznan.pl\/life\/tr\/wp-content\/uploads\/2024\/05\/orlik_2-768x512.jpg 768w, https:\/\/sparrow.up.poznan.pl\/life\/tr\/wp-content\/uploads\/2024\/05\/orlik_2.jpg 1385w\" sizes=\"(max-width: 1024px) 100vw, 1024px\" \/><\/figure>\n\n\n\n<figure class=\"wp-block-image size-large\"><img decoding=\"async\" width=\"1024\" height=\"682\" src=\"https:\/\/sparrow.up.poznan.pl\/life\/tr\/wp-content\/uploads\/2024\/05\/orlik_3-1024x682.jpg\" alt=\"\" class=\"wp-image-150\" srcset=\"https:\/\/sparrow.up.poznan.pl\/life\/tr\/wp-content\/uploads\/2024\/05\/orlik_3-1024x682.jpg 1024w, https:\/\/sparrow.up.poznan.pl\/life\/tr\/wp-content\/uploads\/2024\/05\/orlik_3-300x200.jpg 300w, https:\/\/sparrow.up.poznan.pl\/life\/tr\/wp-content\/uploads\/2024\/05\/orlik_3-768x512.jpg 768w, https:\/\/sparrow.up.poznan.pl\/life\/tr\/wp-content\/uploads\/2024\/05\/orlik_3.jpg 1385w\" sizes=\"(max-width: 1024px) 100vw, 1024px\" \/><\/figure>\n","protected":false},"excerpt":{"rendered":"<p>G\u00f6\u00e7 s\u0131ras\u0131nda ve k\u0131\u015flama alanlar\u0131nda ku\u015flar\u0131n y\u00fcksek oranda \u00f6lmesi, B\u00fcy\u00fck Benekli Kartal&#8217;\u0131n pop\u00fclasyon b\u00fcy\u00fckl\u00fc\u011f\u00fc \u00fczerinde \u00f6nemli bir etkiye sahiptir. <\/p>\n","protected":false},"author":2,"featured_media":152,"comment_status":"open","ping_status":"open","sticky":false,"template":"","format":"standard","meta":{"footnotes":""},"categories":[1],"tags":[],"_links":{"self":[{"href":"https:\/\/sparrow.up.poznan.pl\/life\/tr\/wp-json\/wp\/v2\/posts\/149"}],"collection":[{"href":"https:\/\/sparrow.up.poznan.pl\/life\/tr\/wp-json\/wp\/v2\/posts"}],"about":[{"href":"https:\/\/sparrow.up.poznan.pl\/life\/tr\/wp-json\/wp\/v2\/types\/post"}],"author":[{"embeddable":true,"href":"https:\/\/sparrow.up.poznan.pl\/life\/tr\/wp-json\/wp\/v2\/users\/2"}],"replies":[{"embeddable":true,"href":"https:\/\/sparrow.up.poznan.pl\/life\/tr\/wp-json\/wp\/v2\/comments?post=149"}],"version-history":[{"count":2,"href":"https:\/\/sparrow.up.poznan.pl\/life\/tr\/wp-json\/wp\/v2\/posts\/149\/revisions"}],"predecessor-version":[{"id":330,"href":"https:\/\/sparrow.up.poznan.pl\/life\/tr\/wp-json\/wp\/v2\/posts\/149\/revisions\/330"}],"wp:featuredmedia":[{"embeddable":true,"href":"https:\/\/sparrow.up.poznan.pl\/life\/tr\/wp-json\/wp\/v2\/media\/152"}],"wp:attachment":[{"href":"https:\/\/sparrow.up.poznan.pl\/life\/tr\/wp-json\/wp\/v2\/media?parent=149"}],"wp:term":[{"taxonomy":"category","embeddable":true,"href":"https:\/\/sparrow.up.poznan.pl\/life\/tr\/wp-json\/wp\/v2\/categories?post=149"},{"taxonomy":"post_tag","embeddable":true,"href":"https:\/\/sparrow.up.poznan.pl\/life\/tr\/wp-json\/wp\/v2\/tags?post=149"}],"curies":[{"name":"wp","href":"https:\/\/api.w.org\/{rel}","templated":true}]}}