{"id":404,"date":"2026-08-24T20:20:10","date_gmt":"2026-08-24T18:20:10","guid":{"rendered":"https:\/\/sparrow.up.poznan.pl\/life\/tr\/?p=404"},"modified":"2026-08-24T20:20:10","modified_gmt":"2026-08-24T18:20:10","slug":"kislama-alanlarindaki-faaliyetlerin-ozeti-yeni-ureme-mevsimini-bekliyoruz","status":"publish","type":"post","link":"https:\/\/sparrow.up.poznan.pl\/life\/tr\/2026\/08\/24\/kislama-alanlarindaki-faaliyetlerin-ozeti-yeni-ureme-mevsimini-bekliyoruz\/","title":{"rendered":"K\u0131\u015flama alanlar\u0131ndaki faaliyetlerin \u00f6zeti \u2013 Yeni \u00fcreme mevsimini bekliyoruz"},"content":{"rendered":"\n<p>T\u00fcrkiye&#8217;den <a href=\"https:\/\/dogaarastirmalari.org.tr\">Do\u011fa Ara\u015ft\u0131rmalar\u0131 Derne\u011fi DAD<\/a>&#8217;dan meslekta\u015flar\u0131m\u0131z, ortak bir LIFE projesi kapsam\u0131nda y\u00fcr\u00fct\u00fclen saha faaliyetlerini sunan materyalleri payla\u015ft\u0131lar.<br>Bu faaliyetler, B\u00fcy\u00fck Benekli Kartal&#8217;\u0131n k\u0131\u015flama alanlar\u0131nda yap\u0131lan habitat izleme ve g\u00f6zlemlerini i\u00e7ermektedir. Bu t\u00fcr faaliyetler, bu nadir y\u0131rt\u0131c\u0131 ku\u015fun g\u00f6\u00e7 yollar\u0131n\u0131 ve kar\u015f\u0131la\u015ft\u0131\u011f\u0131 tehditleri daha iyi anlamak i\u00e7in \u00e7ok \u00f6nemlidir.<br>Benekli kartallar\u0131n ek beslenmesi de koruma \u00e7abalar\u0131n\u0131n \u00f6nemli bir unsurudur. Bu, \u00f6zellikle k\u0131\u015f aylar\u0131nda veya habitatlar\u0131n de\u011fi\u015fti\u011fi b\u00f6lgelerde, do\u011fal besin kaynaklar\u0131n\u0131n s\u0131n\u0131rl\u0131 oldu\u011fu d\u00f6nemlerde ger\u00e7ekle\u015fir. Ek bir besin kayna\u011f\u0131 sa\u011flamak, ku\u015flar\u0131n hayatta kalma \u015fans\u0131n\u0131 art\u0131r\u0131r ve durumlar\u0131n\u0131 etkiler. Bu, sonraki sezonlarda daha y\u00fcksek \u00fcreme ba\u015far\u0131s\u0131na da d\u00f6n\u00fc\u015febilir.<br>K\u0131\u015flama d\u00f6nemi sona ererken, benekli kartallar yava\u015f yava\u015f k\u0131\u015flama alanlar\u0131n\u0131 terk eder ve \u00fcreme alanlar\u0131na g\u00f6\u00e7 etmeye ba\u015flarlar. Yak\u0131n gelecekte, Polonya&#8217;daki <a href=\"https:\/\/bbpn.gov.pl\/biebrza-national-park\">Biebrza Milli Park\u0131<\/a>, LIFE projesini s\u00fcrd\u00fcrerek \u00fcreme alanlar\u0131nda yo\u011fun koruma \u00e7al\u0131\u015fmalar\u0131na ba\u015flayacakt\u0131r.<\/p>\n\n\n\n<p>\ud83d\udc49 Meslekta\u015flar\u0131m\u0131z\u0131n haz\u0131rlad\u0131\u011f\u0131 materyalleri okuman\u0131z\u0131 tavsiye ederiz: <a href=\"https:\/\/www.instagram.com\/p\/DV8VwhKiuzj\/?igsh=eXpqZGx4aTh5cjYy\">Instagram<\/a>.<\/p>\n","protected":false},"excerpt":{"rendered":"<p>T\u00fcrkiye&#8217;den Do\u011fa Ara\u015ft\u0131rmalar\u0131 Derne\u011fi DAD&#8217;dan meslekta\u015flar\u0131m\u0131z, ortak bir LIFE projesi kapsam\u0131nda y\u00fcr\u00fct\u00fclen saha faaliyetlerini sunan materyalleri payla\u015ft\u0131lar.Bu faaliyetler, B\u00fcy\u00fck Benekli Kartal&#8217;\u0131n k\u0131\u015flama alanlar\u0131nda yap\u0131lan habitat izleme ve g\u00f6zlemlerini i\u00e7ermektedir. Bu t\u00fcr faaliyetler, bu nadir y\u0131rt\u0131c\u0131 ku\u015fun g\u00f6\u00e7 yollar\u0131n\u0131 ve kar\u015f\u0131la\u015ft\u0131\u011f\u0131 tehditleri daha iyi anlamak i\u00e7in \u00e7ok \u00f6nemlidir.Benekli kartallar\u0131n ek beslenmesi de koruma \u00e7abalar\u0131n\u0131n \u00f6nemli bir [&hellip;]<\/p>\n","protected":false},"author":2,"featured_media":0,"comment_status":"open","ping_status":"open","sticky":false,"template":"","format":"standard","meta":{"footnotes":""},"categories":[1],"tags":[9,8],"_links":{"self":[{"href":"https:\/\/sparrow.up.poznan.pl\/life\/tr\/wp-json\/wp\/v2\/posts\/404"}],"collection":[{"href":"https:\/\/sparrow.up.poznan.pl\/life\/tr\/wp-json\/wp\/v2\/posts"}],"about":[{"href":"https:\/\/sparrow.up.poznan.pl\/life\/tr\/wp-json\/wp\/v2\/types\/post"}],"author":[{"embeddable":true,"href":"https:\/\/sparrow.up.poznan.pl\/life\/tr\/wp-json\/wp\/v2\/users\/2"}],"replies":[{"embeddable":true,"href":"https:\/\/sparrow.up.poznan.pl\/life\/tr\/wp-json\/wp\/v2\/comments?post=404"}],"version-history":[{"count":1,"href":"https:\/\/sparrow.up.poznan.pl\/life\/tr\/wp-json\/wp\/v2\/posts\/404\/revisions"}],"predecessor-version":[{"id":405,"href":"https:\/\/sparrow.up.poznan.pl\/life\/tr\/wp-json\/wp\/v2\/posts\/404\/revisions\/405"}],"wp:attachment":[{"href":"https:\/\/sparrow.up.poznan.pl\/life\/tr\/wp-json\/wp\/v2\/media?parent=404"}],"wp:term":[{"taxonomy":"category","embeddable":true,"href":"https:\/\/sparrow.up.poznan.pl\/life\/tr\/wp-json\/wp\/v2\/categories?post=404"},{"taxonomy":"post_tag","embeddable":true,"href":"https:\/\/sparrow.up.poznan.pl\/life\/tr\/wp-json\/wp\/v2\/tags?post=404"}],"curies":[{"name":"wp","href":"https:\/\/api.w.org\/{rel}","templated":true}]}}