{"id":94,"date":"2024-04-29T16:01:14","date_gmt":"2024-04-29T14:01:14","guid":{"rendered":"https:\/\/sparrow.up.poznan.pl\/life\/bg\/?p=94"},"modified":"2024-06-20T16:49:36","modified_gmt":"2024-06-20T14:49:36","slug":"news-from-bulgaria","status":"publish","type":"post","link":"https:\/\/sparrow.up.poznan.pl\/life\/tr\/2024\/04\/29\/news-from-bulgaria\/","title":{"rendered":"Bulgaristan&#8217;dan Haberler"},"content":{"rendered":"\n<p>Bulgaristan&#8217;\u0131n sulak alanlar\u0131 B\u00fcy\u00fck Benekli Kartallar i\u00e7in \u00f6nemli bir k\u0131\u015flama alan\u0131d\u0131r. Bulgaristan Ku\u015flar\u0131 Koruma Derne\u011fi&#8217;nden (BSPB) bir ekip, G\u00fcney Bulgaristan&#8217;daki Mandra-Poda \u00d6zel Habitat Koruma Alan\u0131&#8217;nda (SPA) B\u00fcy\u00fck Benekli Kartal k\u0131\u015flama alanlar\u0131n\u0131 g\u00f6zlemledi. Orada d\u00fczenli olarak k\u0131\u015flayan 1-2 birey ve Karadeniz&#8217;in k\u0131y\u0131 lag\u00fcnlerinde beslenen ku\u015flar g\u00f6zlemlediler.<\/p>\n\n\n\n<figure class=\"wp-block-image size-large\"><img fetchpriority=\"high\" decoding=\"async\" width=\"1024\" height=\"768\" src=\"https:\/\/sparrow.up.poznan.pl\/life\/tr\/wp-content\/uploads\/2024\/05\/1-scaled-1-1024x768.jpg\" alt=\"\" class=\"wp-image-95\" srcset=\"https:\/\/sparrow.up.poznan.pl\/life\/tr\/wp-content\/uploads\/2024\/05\/1-scaled-1-1024x768.jpg 1024w, https:\/\/sparrow.up.poznan.pl\/life\/tr\/wp-content\/uploads\/2024\/05\/1-scaled-1-300x225.jpg 300w, https:\/\/sparrow.up.poznan.pl\/life\/tr\/wp-content\/uploads\/2024\/05\/1-scaled-1-768x576.jpg 768w, https:\/\/sparrow.up.poznan.pl\/life\/tr\/wp-content\/uploads\/2024\/05\/1-scaled-1-1536x1152.jpg 1536w, https:\/\/sparrow.up.poznan.pl\/life\/tr\/wp-content\/uploads\/2024\/05\/1-scaled-1-2048x1536.jpg 2048w\" sizes=\"(max-width: 1024px) 100vw, 1024px\" \/><\/figure>\n\n\n\n<p>Kartallar ayr\u0131ca, bu ku\u015flar i\u00e7in \u00f6nemli k\u0131\u015flama ve g\u00f6\u00e7 alanlar\u0131 olan Burgasko Ezero \u00d6zel Habitat Koruma Alanlar\u0131 ve Atanovo G\u00f6l\u00fc&#8217;nde Karadeniz k\u0131y\u0131s\u0131 boyunca aktif olarak arand\u0131.<\/p>\n\n\n\n<figure class=\"wp-block-image size-large\"><img decoding=\"async\" width=\"1024\" height=\"768\" src=\"https:\/\/sparrow.up.poznan.pl\/life\/tr\/wp-content\/uploads\/2024\/05\/2-scaled-1-1024x768.jpg\" alt=\"\" class=\"wp-image-96\" srcset=\"https:\/\/sparrow.up.poznan.pl\/life\/tr\/wp-content\/uploads\/2024\/05\/2-scaled-1-1024x768.jpg 1024w, https:\/\/sparrow.up.poznan.pl\/life\/tr\/wp-content\/uploads\/2024\/05\/2-scaled-1-300x225.jpg 300w, https:\/\/sparrow.up.poznan.pl\/life\/tr\/wp-content\/uploads\/2024\/05\/2-scaled-1-768x576.jpg 768w, https:\/\/sparrow.up.poznan.pl\/life\/tr\/wp-content\/uploads\/2024\/05\/2-scaled-1-1536x1152.jpg 1536w, https:\/\/sparrow.up.poznan.pl\/life\/tr\/wp-content\/uploads\/2024\/05\/2-scaled-1-2048x1536.jpg 2048w\" sizes=\"(max-width: 1024px) 100vw, 1024px\" \/><\/figure>\n\n\n\n<figure class=\"wp-block-image size-large\"><img decoding=\"async\" width=\"1024\" height=\"768\" src=\"https:\/\/sparrow.up.poznan.pl\/life\/tr\/wp-content\/uploads\/2024\/05\/3-scaled-1-1024x768.jpg\" alt=\"\" class=\"wp-image-97\" srcset=\"https:\/\/sparrow.up.poznan.pl\/life\/tr\/wp-content\/uploads\/2024\/05\/3-scaled-1-1024x768.jpg 1024w, https:\/\/sparrow.up.poznan.pl\/life\/tr\/wp-content\/uploads\/2024\/05\/3-scaled-1-300x225.jpg 300w, https:\/\/sparrow.up.poznan.pl\/life\/tr\/wp-content\/uploads\/2024\/05\/3-scaled-1-768x576.jpg 768w, https:\/\/sparrow.up.poznan.pl\/life\/tr\/wp-content\/uploads\/2024\/05\/3-scaled-1-1536x1152.jpg 1536w, https:\/\/sparrow.up.poznan.pl\/life\/tr\/wp-content\/uploads\/2024\/05\/3-scaled-1-2048x1536.jpg 2048w\" sizes=\"(max-width: 1024px) 100vw, 1024px\" \/><\/figure>\n\n\n\n<p>Yine Natura 2000 sisteminin bir par\u00e7as\u0131 olan Sakar Da\u011flar\u0131&#8217;ndaki B\u00fcy\u00fck Benekli Kartallar\u0131n ya\u015fam alanlar\u0131 ve beslenme alanlar\u0131 da incelenmi\u015ftir.<\/p>\n\n\n\n<figure class=\"wp-block-image size-large\"><img loading=\"lazy\" decoding=\"async\" width=\"768\" height=\"1024\" src=\"https:\/\/sparrow.up.poznan.pl\/life\/tr\/wp-content\/uploads\/2024\/05\/4-scaled-1-768x1024.jpg\" alt=\"\" class=\"wp-image-98\" srcset=\"https:\/\/sparrow.up.poznan.pl\/life\/tr\/wp-content\/uploads\/2024\/05\/4-scaled-1-768x1024.jpg 768w, https:\/\/sparrow.up.poznan.pl\/life\/tr\/wp-content\/uploads\/2024\/05\/4-scaled-1-225x300.jpg 225w, https:\/\/sparrow.up.poznan.pl\/life\/tr\/wp-content\/uploads\/2024\/05\/4-scaled-1-1152x1536.jpg 1152w, https:\/\/sparrow.up.poznan.pl\/life\/tr\/wp-content\/uploads\/2024\/05\/4-scaled-1-1536x2048.jpg 1536w, https:\/\/sparrow.up.poznan.pl\/life\/tr\/wp-content\/uploads\/2024\/05\/4-scaled-1.jpg 1920w\" sizes=\"(max-width: 768px) 100vw, 768px\" \/><\/figure>\n\n\n\n<p>T\u00fcr\u00fcn Bulgaristan&#8217;daki k\u0131\u015flamas\u0131n\u0131n izlenmesi s\u0131ras\u0131nda, literat\u00fcr taramas\u0131 s\u0131ras\u0131nda elde edilen verilere ve BSPB taraf\u0131ndan olu\u015fturulan veri taban\u0131na g\u00f6re t\u00fcr\u00fcn k\u0131\u015flamas\u0131n\u0131n kaydedildi\u011fi G\u00fcney Bulgaristan&#8217;daki proje sahalar\u0131n\u0131n yak\u0131n\u0131ndaki \u00e7ok say\u0131da sulak alan ve \u00e7evresindeki mera ve \u00e7ay\u0131rlar da kontrol edilmi\u015ftir.<\/p>\n\n\n\n<figure class=\"wp-block-image size-large\"><img loading=\"lazy\" decoding=\"async\" width=\"1024\" height=\"768\" src=\"https:\/\/sparrow.up.poznan.pl\/life\/tr\/wp-content\/uploads\/2024\/05\/5-scaled-1-1024x768.jpg\" alt=\"\" class=\"wp-image-99\" srcset=\"https:\/\/sparrow.up.poznan.pl\/life\/tr\/wp-content\/uploads\/2024\/05\/5-scaled-1-1024x768.jpg 1024w, https:\/\/sparrow.up.poznan.pl\/life\/tr\/wp-content\/uploads\/2024\/05\/5-scaled-1-300x225.jpg 300w, https:\/\/sparrow.up.poznan.pl\/life\/tr\/wp-content\/uploads\/2024\/05\/5-scaled-1-768x576.jpg 768w, https:\/\/sparrow.up.poznan.pl\/life\/tr\/wp-content\/uploads\/2024\/05\/5-scaled-1-1536x1152.jpg 1536w, https:\/\/sparrow.up.poznan.pl\/life\/tr\/wp-content\/uploads\/2024\/05\/5-scaled-1-2048x1536.jpg 2048w\" sizes=\"(max-width: 1024px) 100vw, 1024px\" \/><\/figure>\n","protected":false},"excerpt":{"rendered":"<p>Bulgaristan&#8217;\u0131n sulak alanlar\u0131 B\u00fcy\u00fck Benekli Kartallar i\u00e7in \u00f6nemli bir k\u0131\u015flama alan\u0131d\u0131r. Bulgaristan Ku\u015flar\u0131 Koruma Derne\u011fi&#8217;nden (BSPB) bir ekip, G\u00fcney Bulgaristan&#8217;daki Mandra-Poda \u00d6zel Habitat Koruma Alan\u0131&#8217;nda (SPA) B\u00fcy\u00fck&#8230;<\/p>\n","protected":false},"author":2,"featured_media":95,"comment_status":"open","ping_status":"open","sticky":false,"template":"","format":"standard","meta":{"footnotes":""},"categories":[1],"tags":[],"_links":{"self":[{"href":"https:\/\/sparrow.up.poznan.pl\/life\/tr\/wp-json\/wp\/v2\/posts\/94"}],"collection":[{"href":"https:\/\/sparrow.up.poznan.pl\/life\/tr\/wp-json\/wp\/v2\/posts"}],"about":[{"href":"https:\/\/sparrow.up.poznan.pl\/life\/tr\/wp-json\/wp\/v2\/types\/post"}],"author":[{"embeddable":true,"href":"https:\/\/sparrow.up.poznan.pl\/life\/tr\/wp-json\/wp\/v2\/users\/2"}],"replies":[{"embeddable":true,"href":"https:\/\/sparrow.up.poznan.pl\/life\/tr\/wp-json\/wp\/v2\/comments?post=94"}],"version-history":[{"count":4,"href":"https:\/\/sparrow.up.poznan.pl\/life\/tr\/wp-json\/wp\/v2\/posts\/94\/revisions"}],"predecessor-version":[{"id":329,"href":"https:\/\/sparrow.up.poznan.pl\/life\/tr\/wp-json\/wp\/v2\/posts\/94\/revisions\/329"}],"wp:featuredmedia":[{"embeddable":true,"href":"https:\/\/sparrow.up.poznan.pl\/life\/tr\/wp-json\/wp\/v2\/media\/95"}],"wp:attachment":[{"href":"https:\/\/sparrow.up.poznan.pl\/life\/tr\/wp-json\/wp\/v2\/media?parent=94"}],"wp:term":[{"taxonomy":"category","embeddable":true,"href":"https:\/\/sparrow.up.poznan.pl\/life\/tr\/wp-json\/wp\/v2\/categories?post=94"},{"taxonomy":"post_tag","embeddable":true,"href":"https:\/\/sparrow.up.poznan.pl\/life\/tr\/wp-json\/wp\/v2\/tags?post=94"}],"curies":[{"name":"wp","href":"https:\/\/api.w.org\/{rel}","templated":true}]}}