{"id":1030,"date":"2025-04-23T10:23:42","date_gmt":"2025-04-23T08:23:42","guid":{"rendered":"https:\/\/sparrow.up.poznan.pl\/life\/?p=1030"},"modified":"2025-04-23T10:32:00","modified_gmt":"2025-04-23T08:32:00","slug":"liczenie-zimujacych-ptakow-drapieznych-na-wegrzech","status":"publish","type":"post","link":"https:\/\/sparrow.up.poznan.pl\/life\/2025\/04\/23\/liczenie-zimujacych-ptakow-drapieznych-na-wegrzech\/","title":{"rendered":"Liczenie zimuj\u0105cych ptak\u00f3w drapie\u017cnych na W\u0119grzech"},"content":{"rendered":"\t\t<div data-elementor-type=\"wp-post\" data-elementor-id=\"1030\" class=\"elementor elementor-1030\" data-elementor-post-type=\"post\">\n\t\t\t\t<div class=\"elementor-element elementor-element-30253c4 e-flex e-con-boxed e-con e-parent\" data-id=\"30253c4\" data-element_type=\"container\" data-settings=\"{&quot;content_width&quot;:&quot;boxed&quot;}\" data-core-v316-plus=\"true\">\n\t\t\t\t\t<div class=\"e-con-inner\">\n\t\t\t\t<div class=\"elementor-element elementor-element-3c4dfe5 elementor-widget elementor-widget-text-editor\" data-id=\"3c4dfe5\" data-element_type=\"widget\" data-widget_type=\"text-editor.default\">\n\t\t\t\t<div class=\"elementor-widget-container\">\n\t\t\t<style>\/*! elementor - v3.19.0 - 28-02-2024 *\/\n.elementor-widget-text-editor.elementor-drop-cap-view-stacked .elementor-drop-cap{background-color:#69727d;color:#fff}.elementor-widget-text-editor.elementor-drop-cap-view-framed .elementor-drop-cap{color:#69727d;border:3px solid;background-color:transparent}.elementor-widget-text-editor:not(.elementor-drop-cap-view-default) .elementor-drop-cap{margin-top:8px}.elementor-widget-text-editor:not(.elementor-drop-cap-view-default) .elementor-drop-cap-letter{width:1em;height:1em}.elementor-widget-text-editor .elementor-drop-cap{float:left;text-align:center;line-height:1;font-size:50px}.elementor-widget-text-editor .elementor-drop-cap-letter{display:inline-block}<\/style>\t\t\t\t<p>Liczenie zimuj\u0105cych ptak\u00f3w drapie\u017cnych na W\u0119grzech zrealizowane w styczniu 2025 roku po raz 22. przez <a href=\"https:\/\/mme.hu\/en\">W\u0119gierskie Stowarzyszenie Ornitologiczne i Ochrony Przyrody (MME)<\/a> wykaza\u0142o <a href=\"https:\/\/qubit.hu\/2025\/02\/24\/17-ragadozomadarfaj-tobb-mint-18-ezer-peldanya-kerult-az-idei-orszagos-sasleltarba\">18\u00a0486 osobnik\u00f3w nale\u017c\u0105cych do 17 gatunk\u00f3w<\/a>. Orlika grubodziobego by\u0142o 8 okaz\u00f3w (w 2024 roku &#8211; tak\u017ce 8). By\u0142o to tak\u017ce 8. regionalna inwentaryzacja dla Kotliny Pano\u0144skiej, w kt\u00f3rej uczestniczyli ornitolodzy z W\u0119gier, Czech, Chorwacji, Serbii, S\u0142owacji, S\u0142owenii i Rumunii, w ramach kt\u00f3rej zaobserwowano <a href=\"https:\/\/mme.hu\/hirek\/2025\/02\/24\/elkeszult_2025_evi_22_orszagos_es_8_pannonregios_sasleltar\">21\u00a0352 ptak\u00f3w (w 2024 roku &#8211; 21\u00a0973) z 17 gatunk\u00f3w<\/a>, w tym 9 orlik\u00f3w grubodziobych (w 2024 roku &#8211; 10).<\/p><p>Badanie na Wielkiej Nizinie W\u0119gierskiej zrealizowano w ramach projektu <a href=\"https:\/\/kerecsensolyom.hu\">LIFE Saker Roads<\/a>.<\/p>\t\t\t\t\t\t<\/div>\n\t\t\t\t<\/div>\n\t\t\t\t\t<\/div>\n\t\t\t\t<\/div>\n\t\t\t\t<\/div>\n\t\t","protected":false},"excerpt":{"rendered":"<p>orlik grubodzioby (fekete sas)<\/p>\n","protected":false},"author":2,"featured_media":0,"comment_status":"open","ping_status":"open","sticky":false,"template":"","format":"standard","meta":{"footnotes":""},"categories":[1],"tags":[],"aioseo_notices":[],"_links":{"self":[{"href":"https:\/\/sparrow.up.poznan.pl\/life\/wp-json\/wp\/v2\/posts\/1030"}],"collection":[{"href":"https:\/\/sparrow.up.poznan.pl\/life\/wp-json\/wp\/v2\/posts"}],"about":[{"href":"https:\/\/sparrow.up.poznan.pl\/life\/wp-json\/wp\/v2\/types\/post"}],"author":[{"embeddable":true,"href":"https:\/\/sparrow.up.poznan.pl\/life\/wp-json\/wp\/v2\/users\/2"}],"replies":[{"embeddable":true,"href":"https:\/\/sparrow.up.poznan.pl\/life\/wp-json\/wp\/v2\/comments?post=1030"}],"version-history":[{"count":9,"href":"https:\/\/sparrow.up.poznan.pl\/life\/wp-json\/wp\/v2\/posts\/1030\/revisions"}],"predecessor-version":[{"id":1039,"href":"https:\/\/sparrow.up.poznan.pl\/life\/wp-json\/wp\/v2\/posts\/1030\/revisions\/1039"}],"wp:attachment":[{"href":"https:\/\/sparrow.up.poznan.pl\/life\/wp-json\/wp\/v2\/media?parent=1030"}],"wp:term":[{"taxonomy":"category","embeddable":true,"href":"https:\/\/sparrow.up.poznan.pl\/life\/wp-json\/wp\/v2\/categories?post=1030"},{"taxonomy":"post_tag","embeddable":true,"href":"https:\/\/sparrow.up.poznan.pl\/life\/wp-json\/wp\/v2\/tags?post=1030"}],"curies":[{"name":"wp","href":"https:\/\/api.w.org\/{rel}","templated":true}]}}