{"id":1040,"date":"2025-04-27T13:01:19","date_gmt":"2025-04-27T11:01:19","guid":{"rendered":"https:\/\/sparrow.up.poznan.pl\/life\/?p=1040"},"modified":"2025-04-27T16:50:22","modified_gmt":"2025-04-27T14:50:22","slug":"farmy-wiatrowe-stanowia-zagrozenie-dla-ptakow","status":"publish","type":"post","link":"https:\/\/sparrow.up.poznan.pl\/life\/2025\/04\/27\/farmy-wiatrowe-stanowia-zagrozenie-dla-ptakow\/","title":{"rendered":"Farmy wiatrowe zagra\u017caj\u0105 ptakom"},"content":{"rendered":"\t\t<div data-elementor-type=\"wp-post\" data-elementor-id=\"1040\" class=\"elementor elementor-1040\" data-elementor-post-type=\"post\">\n\t\t\t\t<div class=\"elementor-element elementor-element-019e93b e-flex e-con-boxed e-con e-parent\" data-id=\"019e93b\" data-element_type=\"container\" data-settings=\"{&quot;content_width&quot;:&quot;boxed&quot;}\" data-core-v316-plus=\"true\">\n\t\t\t\t\t<div class=\"e-con-inner\">\n\t\t\t\t<div class=\"elementor-element elementor-element-0bda4ea elementor-widget elementor-widget-text-editor\" data-id=\"0bda4ea\" data-element_type=\"widget\" data-widget_type=\"text-editor.default\">\n\t\t\t\t<div class=\"elementor-widget-container\">\n\t\t\t<style>\/*! elementor - v3.19.0 - 28-02-2024 *\/\n.elementor-widget-text-editor.elementor-drop-cap-view-stacked .elementor-drop-cap{background-color:#69727d;color:#fff}.elementor-widget-text-editor.elementor-drop-cap-view-framed .elementor-drop-cap{color:#69727d;border:3px solid;background-color:transparent}.elementor-widget-text-editor:not(.elementor-drop-cap-view-default) .elementor-drop-cap{margin-top:8px}.elementor-widget-text-editor:not(.elementor-drop-cap-view-default) .elementor-drop-cap-letter{width:1em;height:1em}.elementor-widget-text-editor .elementor-drop-cap{float:left;text-align:center;line-height:1;font-size:50px}.elementor-widget-text-editor .elementor-drop-cap-letter{display:inline-block}<\/style>\t\t\t\t<p>Badania zrealizowane przez esto\u0144sk\u0105 organizacj\u0119 pozarz\u0105dow\u0105 zajmuj\u0105c\u0105 si\u0119 pomoc\u0105 lasom <a href=\"https:\/\/www.eestimetsaabiks.ee\">EMA (<em>Eesti Metsa Abiks<\/em>)<\/a> wykaza\u0142y, \u017ce zagro\u017cenie spowodowane przez turbiny wiatrowe dotyczy\u00a0<a href=\"https:\/\/koiduaeg.ee\/tuuleparkide-arendus-eestis-seab-must-toonekure-tosisesse-ohtu\">wielu gatunk\u00f3w ptak\u00f3w<\/a>, tzn.: bociana czarnego (<em>Ciconia nigra<\/em>), orlika grubodziobego (<em>Clanga clanga<\/em>), or\u0142a przedniego (<em>Aquila chrysaetos<\/em>), kulika wielkiego (<em>Numenius arquata<\/em>) i or\u0142os\u0119pa (<em>Gypaetus barbatus<\/em>). Farmy wiatrowe wp\u0142ywaj\u0105 m.in. na <a href=\"https:\/\/www.kiirgusinfo.ee\/tuuleparkide-ehitus-voib-kaasa-tuua-kaitsealuse-liigi-vahenemise\">zmniejszanie si\u0119 liczby par l\u0119gowych<\/a>.<\/p>\t\t\t\t\t\t<\/div>\n\t\t\t\t<\/div>\n\t\t\t\t\t<\/div>\n\t\t\t\t<\/div>\n\t\t\t\t<\/div>\n\t\t","protected":false},"excerpt":{"rendered":"<p>turbiny wiatrowe zagra\u017caj\u0105 orlikowi grubodziobemu<\/p>\n","protected":false},"author":2,"featured_media":0,"comment_status":"open","ping_status":"open","sticky":false,"template":"","format":"standard","meta":{"footnotes":""},"categories":[1],"tags":[23,22],"aioseo_notices":[],"_links":{"self":[{"href":"https:\/\/sparrow.up.poznan.pl\/life\/wp-json\/wp\/v2\/posts\/1040"}],"collection":[{"href":"https:\/\/sparrow.up.poznan.pl\/life\/wp-json\/wp\/v2\/posts"}],"about":[{"href":"https:\/\/sparrow.up.poznan.pl\/life\/wp-json\/wp\/v2\/types\/post"}],"author":[{"embeddable":true,"href":"https:\/\/sparrow.up.poznan.pl\/life\/wp-json\/wp\/v2\/users\/2"}],"replies":[{"embeddable":true,"href":"https:\/\/sparrow.up.poznan.pl\/life\/wp-json\/wp\/v2\/comments?post=1040"}],"version-history":[{"count":16,"href":"https:\/\/sparrow.up.poznan.pl\/life\/wp-json\/wp\/v2\/posts\/1040\/revisions"}],"predecessor-version":[{"id":1076,"href":"https:\/\/sparrow.up.poznan.pl\/life\/wp-json\/wp\/v2\/posts\/1040\/revisions\/1076"}],"wp:attachment":[{"href":"https:\/\/sparrow.up.poznan.pl\/life\/wp-json\/wp\/v2\/media?parent=1040"}],"wp:term":[{"taxonomy":"category","embeddable":true,"href":"https:\/\/sparrow.up.poznan.pl\/life\/wp-json\/wp\/v2\/categories?post=1040"},{"taxonomy":"post_tag","embeddable":true,"href":"https:\/\/sparrow.up.poznan.pl\/life\/wp-json\/wp\/v2\/tags?post=1040"}],"curies":[{"name":"wp","href":"https:\/\/api.w.org\/{rel}","templated":true}]}}