{"id":1161,"date":"2026-01-22T22:33:09","date_gmt":"2026-01-22T21:33:09","guid":{"rendered":"https:\/\/sparrow.up.poznan.pl\/life\/?p=1161"},"modified":"2026-01-22T22:38:10","modified_gmt":"2026-01-22T21:38:10","slug":"tym-razem-sie-nie-udalo-ale-monitoring-zadzialal-wiadomosci-z-estonii","status":"publish","type":"post","link":"https:\/\/sparrow.up.poznan.pl\/life\/2026\/01\/22\/tym-razem-sie-nie-udalo-ale-monitoring-zadzialal-wiadomosci-z-estonii\/","title":{"rendered":"Tym razem si\u0119 nie uda\u0142o, ale monitoring zadzia\u0142a\u0142 &#8211; wiadomo\u015bci z Estonii"},"content":{"rendered":"\t\t<div data-elementor-type=\"wp-post\" data-elementor-id=\"1161\" class=\"elementor elementor-1161\" data-elementor-post-type=\"post\">\n\t\t\t\t<div class=\"elementor-element elementor-element-45d44ac9 e-flex e-con-boxed e-con e-parent\" data-id=\"45d44ac9\" data-element_type=\"container\" data-settings=\"{&quot;content_width&quot;:&quot;boxed&quot;}\" data-core-v316-plus=\"true\">\n\t\t\t\t\t<div class=\"e-con-inner\">\n\t\t\t\t<div class=\"elementor-element elementor-element-8b24f3e elementor-widget elementor-widget-heading\" data-id=\"8b24f3e\" data-element_type=\"widget\" data-widget_type=\"heading.default\">\n\t\t\t\t<div class=\"elementor-widget-container\">\n\t\t\t<style>\/*! elementor - v3.19.0 - 28-02-2024 *\/\n.elementor-heading-title{padding:0;margin:0;line-height:1}.elementor-widget-heading .elementor-heading-title[class*=elementor-size-]>a{color:inherit;font-size:inherit;line-height:inherit}.elementor-widget-heading .elementor-heading-title.elementor-size-small{font-size:15px}.elementor-widget-heading .elementor-heading-title.elementor-size-medium{font-size:19px}.elementor-widget-heading .elementor-heading-title.elementor-size-large{font-size:29px}.elementor-widget-heading .elementor-heading-title.elementor-size-xl{font-size:39px}.elementor-widget-heading .elementor-heading-title.elementor-size-xxl{font-size:59px}<\/style><h2 class=\"elementor-heading-title elementor-size-default\">Tym razem nie uda\u0142o si\u0119 uratowa\u0107 orlika, ale system monitoringu zadzia\u0142a\u0142 - wiadomo\u015bci z Estonii<\/h2>\t\t<\/div>\n\t\t\t\t<\/div>\n\t\t\t\t<div class=\"elementor-element elementor-element-749a13f elementor-widget elementor-widget-image\" data-id=\"749a13f\" data-element_type=\"widget\" data-widget_type=\"image.default\">\n\t\t\t\t<div class=\"elementor-widget-container\">\n\t\t\t<style>\/*! elementor - v3.19.0 - 28-02-2024 *\/\n.elementor-widget-image{text-align:center}.elementor-widget-image a{display:inline-block}.elementor-widget-image a img[src$=\".svg\"]{width:48px}.elementor-widget-image img{vertical-align:middle;display:inline-block}<\/style>\t\t\t\t\t\t\t<figure class=\"wp-caption\">\n\t\t\t\t\t\t\t\t\t\t<img fetchpriority=\"high\" decoding=\"async\" width=\"800\" height=\"572\" src=\"https:\/\/sparrow.up.poznan.pl\/life\/wp-content\/uploads\/2026\/01\/3548_Riks_24_CB.jpg\" class=\"attachment-large size-large wp-image-1162\" alt=\"Nadajnik na plecach m\u0142odego Riksa jest s\u0142abo widoczny, ale widzimy obr\u0105czk\u0119 na jego prawej nodze z kodem CB. Zdj\u0119cie z kamery Jaana Grosberga\" srcset=\"https:\/\/sparrow.up.poznan.pl\/life\/wp-content\/uploads\/2026\/01\/3548_Riks_24_CB.jpg 1000w, https:\/\/sparrow.up.poznan.pl\/life\/wp-content\/uploads\/2026\/01\/3548_Riks_24_CB-300x215.jpg 300w, https:\/\/sparrow.up.poznan.pl\/life\/wp-content\/uploads\/2026\/01\/3548_Riks_24_CB-768x549.jpg 768w\" sizes=\"(max-width: 800px) 100vw, 800px\" \/>\t\t\t\t\t\t\t\t\t\t\t<figcaption class=\"widget-image-caption wp-caption-text\">Nadajnik na plecach m\u0142odego Riksa jest s\u0142abo widoczny, ale widzimy obr\u0105czk\u0119 na jego prawej nodze z kodem CB. Zdj\u0119cie z kamery Jaana Grosberga<\/figcaption>\n\t\t\t\t\t\t\t\t\t\t<\/figure>\n\t\t\t\t\t\t\t<\/div>\n\t\t\t\t<\/div>\n\t\t\t\t<div class=\"elementor-element elementor-element-bdd1d74 elementor-widget elementor-widget-text-editor\" data-id=\"bdd1d74\" data-element_type=\"widget\" data-widget_type=\"text-editor.default\">\n\t\t\t\t<div class=\"elementor-widget-container\">\n\t\t\t<style>\/*! elementor - v3.19.0 - 28-02-2024 *\/\n.elementor-widget-text-editor.elementor-drop-cap-view-stacked .elementor-drop-cap{background-color:#69727d;color:#fff}.elementor-widget-text-editor.elementor-drop-cap-view-framed .elementor-drop-cap{color:#69727d;border:3px solid;background-color:transparent}.elementor-widget-text-editor:not(.elementor-drop-cap-view-default) .elementor-drop-cap{margin-top:8px}.elementor-widget-text-editor:not(.elementor-drop-cap-view-default) .elementor-drop-cap-letter{width:1em;height:1em}.elementor-widget-text-editor .elementor-drop-cap{float:left;text-align:center;line-height:1;font-size:50px}.elementor-widget-text-editor .elementor-drop-cap-letter{display:inline-block}<\/style>\t\t\t\t<p>Zadaniem monitoringu ptak\u00f3w z wykorzystaniem nadajnik\u00f3w GPS w ramach projektu GSELIFEAboveBorders jest nie tylko \u015bledzenie migracji orlik\u00f3w grubodziobych, ale tak\u017ce mo\u017cliwo\u015b\u0107 szybkiego reagowania w sytuacjach zagro\u017cenia i pozyskiwania cennych danych terenowych.<br \/>Nasi koledzy z Uniwersytetu Przyrodniczego w Estonii za\u0142o\u017cyli w 2024 roku nadajnik na m\u0142odego orlika o imieniu Riks.<br \/>Podczas pierwszej migracji Riks przemie\u015bci\u0142 si\u0119 przez Grecj\u0119 i Turcj\u0119 a\u017c do Izraela, gdzie zimowa\u0142. W kolejnym sezonie migracyjnym skr\u00f3ci\u0142 tras\u0119 przelotu i ju\u017c 10 listopada dotar\u0142 do Turcji, zatrzymuj\u0105c si\u0119 na terenach rolniczych w rejonie Adany.<br \/>Dzi\u0119ki sta\u0142emu monitoringowi telemetrycznemu zesp\u00f3\u0142 projektu szybko zauwa\u017cy\u0142 s\u0142ab\u0105 aktywno\u015b\u0107 ptaka i podj\u0105\u0142 kontrol\u0119 terenow\u0105. Niestety w tym przypadku pomoc przysz\u0142a zbyt p\u00f3\u017ano \u2013 ptak by\u0142 powa\u017cnie os\u0142abiony i zmar\u0142 w trakcie transportu na leczenie.<br \/>Zebrane dane wskazuj\u0105 na uraz postrza\u0142owy, kt\u00f3ry uniemo\u017cliwi\u0142 ptakowi \u017cerowanie. Informacje te stanowi\u0105 wa\u017cny materia\u0142 do dalszych analiz dotycz\u0105cych zagro\u017ce\u0144 na trasach migracji oraz skuteczno\u015bci dzia\u0142a\u0144 ochronnych.<\/p>\n<p>Przypadek Riksa pokazuje, jak istotn\u0105 rol\u0119 w ochronie ptak\u00f3w w\u0119drownych odgrywa nowoczesny monitoring GPS \u2013 umo\u017cliwiaj\u0105cy szybk\u0105 reakcj\u0119, dokumentowanie zagro\u017ce\u0144 i lepsze planowanie dzia\u0142a\u0144 ochronnych w przysz\u0142o\u015bci.<\/p>\n<p>Szczeg\u00f3\u0142owa informacja dotycz\u0105ca tego przypadku zosta\u0142a opublikowana przez naszego partnera projektu LIFE \u2013 <a href=\"https:\/\/www.facebook.com\/dogaarastirma\/posts\/pfbid02o3fuxJCAAtdkzitg1yWPtCR4se9VhTf9MD2aQQWvoQE8HNEjUC2uc7LGKRgMvftHl\">Do\u011fa Ara\u015ft\u0131rmalar\u0131 Derne\u011fi.\u00a0<\/a><\/p>\n<p>Zapisan\u0105 w danych GPS histori\u0119 w\u0119dr\u00f3wek RIKSa oraz innych ptak\u00f3w z nadajnikami mo\u017cna \u015bledzi\u0107 na stronie <a href=\"https:\/\/birdmap.5dvision.ee\/EN\/2024,2025\/autumn\/riks?line=1&amp;track=0&amp;speed=1&amp;fbclid=IwY2xjawPfVktleHRuA2FlbQIxMABicmlkETFYWVlpTjBBWW5Wa0NlY2Nwc3J0YwZhcHBfaWQQMjIyMDM5MTc4ODIwMDg5MgABHv3-Aq7XGqn1fiJaIzj5J_EK5bHOIXYrN5GPSHp9yxHm4CnRzo8nSno-LAJd_aem_v9gNnv-gj6wKYJ9UviT-Jg\">BIRDMAP<\/a><\/p>\t\t\t\t\t\t<\/div>\n\t\t\t\t<\/div>\n\t\t\t\t\t<\/div>\n\t\t\t\t<\/div>\n\t\t\t\t<\/div>\n\t\t","protected":false},"excerpt":{"rendered":"<p>Tym razem nie uda\u0142o si\u0119 uratowa\u0107 orlika, ale system monitoringu zadzia\u0142a\u0142 &#8211; wiadomo\u015bci z Estonii Nadajnik na plecach m\u0142odego Riksa jest s\u0142abo widoczny, ale widzimy obr\u0105czk\u0119 na jego prawej nodze z kodem CB. Zdj\u0119cie z kamery Jaana Grosberga Zadaniem monitoringu ptak\u00f3w z wykorzystaniem nadajnik\u00f3w GPS w ramach projektu GSELIFEAboveBorders jest nie tylko \u015bledzenie migracji orlik\u00f3w [&hellip;]<\/p>\n","protected":false},"author":2,"featured_media":0,"comment_status":"open","ping_status":"open","sticky":false,"template":"","format":"standard","meta":{"footnotes":""},"categories":[1],"tags":[],"aioseo_notices":[],"_links":{"self":[{"href":"https:\/\/sparrow.up.poznan.pl\/life\/wp-json\/wp\/v2\/posts\/1161"}],"collection":[{"href":"https:\/\/sparrow.up.poznan.pl\/life\/wp-json\/wp\/v2\/posts"}],"about":[{"href":"https:\/\/sparrow.up.poznan.pl\/life\/wp-json\/wp\/v2\/types\/post"}],"author":[{"embeddable":true,"href":"https:\/\/sparrow.up.poznan.pl\/life\/wp-json\/wp\/v2\/users\/2"}],"replies":[{"embeddable":true,"href":"https:\/\/sparrow.up.poznan.pl\/life\/wp-json\/wp\/v2\/comments?post=1161"}],"version-history":[{"count":3,"href":"https:\/\/sparrow.up.poznan.pl\/life\/wp-json\/wp\/v2\/posts\/1161\/revisions"}],"predecessor-version":[{"id":1165,"href":"https:\/\/sparrow.up.poznan.pl\/life\/wp-json\/wp\/v2\/posts\/1161\/revisions\/1165"}],"wp:attachment":[{"href":"https:\/\/sparrow.up.poznan.pl\/life\/wp-json\/wp\/v2\/media?parent=1161"}],"wp:term":[{"taxonomy":"category","embeddable":true,"href":"https:\/\/sparrow.up.poznan.pl\/life\/wp-json\/wp\/v2\/categories?post=1161"},{"taxonomy":"post_tag","embeddable":true,"href":"https:\/\/sparrow.up.poznan.pl\/life\/wp-json\/wp\/v2\/tags?post=1161"}],"curies":[{"name":"wp","href":"https:\/\/api.w.org\/{rel}","templated":true}]}}