{"id":679,"date":"2024-04-29T09:38:24","date_gmt":"2024-04-29T07:38:24","guid":{"rendered":"https:\/\/sparrow.up.poznan.pl\/life\/?p=679"},"modified":"2024-05-28T16:02:21","modified_gmt":"2024-05-28T14:02:21","slug":"wiadomosci-z-bulgarii","status":"publish","type":"post","link":"https:\/\/sparrow.up.poznan.pl\/life\/2024\/04\/29\/wiadomosci-z-bulgarii\/","title":{"rendered":"Wiadomo\u015bci z Bu\u0142garii"},"content":{"rendered":"\n<p>Obszary wodno-b\u0142otne Bu\u0142garii s\u0105 kluczowym miejscem zimowania orlik\u00f3w grubodziobych. Zesp\u00f3\u0142 z Bu\u0142garskiego Towarzystwa Ochrony Ptak\u00f3w (BSPB) prowadzi\u0142 monitoring zimowisk orlika grubodziobego na Specjalnym Obszarze Ochrony Siedlisk (OSO) Mandra-Poda w po\u0142udniowej Bu\u0142garii. Zaobserwowali tam regularne zimowanie 1-2 osobnik\u00f3w oraz ptaki \u017ceruj\u0105ce w przybrze\u017cnych lagunach Morza Czarnego.<\/p>\n\n\n\n<figure class=\"wp-block-gallery has-nested-images columns-default is-cropped wp-block-gallery-1 is-layout-flex wp-block-gallery-is-layout-flex\">\n<figure class=\"wp-block-image size-large\"><img fetchpriority=\"high\" decoding=\"async\" width=\"1024\" height=\"768\" data-id=\"680\" src=\"https:\/\/sparrow.up.poznan.pl\/life\/wp-content\/uploads\/2024\/04\/1-1024x768.jpg\" alt=\"\" class=\"wp-image-680\" srcset=\"https:\/\/sparrow.up.poznan.pl\/life\/wp-content\/uploads\/2024\/04\/1-1024x768.jpg 1024w, https:\/\/sparrow.up.poznan.pl\/life\/wp-content\/uploads\/2024\/04\/1-300x225.jpg 300w, https:\/\/sparrow.up.poznan.pl\/life\/wp-content\/uploads\/2024\/04\/1-768x576.jpg 768w, https:\/\/sparrow.up.poznan.pl\/life\/wp-content\/uploads\/2024\/04\/1-1536x1152.jpg 1536w, https:\/\/sparrow.up.poznan.pl\/life\/wp-content\/uploads\/2024\/04\/1-2048x1536.jpg 2048w\" sizes=\"(max-width: 1024px) 100vw, 1024px\" \/><\/figure>\n<\/figure>\n\n\n\n<p>Orliki by\u0142y r\u00f3wnie\u017c aktywnie poszukiwane wzd\u0142u\u017c wybrze\u017ca Morza Czarnego w Specjalnych Obszarach Ochrony Siedlisk Burgasko Ezero oraz nad Jeziorem Atanowskim, kt\u00f3re s\u0105 wa\u017cnymi miejscami zimowania i migracji tych ptak\u00f3w.<\/p>\n\n\n\n<figure class=\"wp-block-image size-large\"><img decoding=\"async\" width=\"1024\" height=\"768\" src=\"https:\/\/sparrow.up.poznan.pl\/life\/wp-content\/uploads\/2024\/04\/2-1024x768.jpg\" alt=\"\" class=\"wp-image-681\" srcset=\"https:\/\/sparrow.up.poznan.pl\/life\/wp-content\/uploads\/2024\/04\/2-1024x768.jpg 1024w, https:\/\/sparrow.up.poznan.pl\/life\/wp-content\/uploads\/2024\/04\/2-300x225.jpg 300w, https:\/\/sparrow.up.poznan.pl\/life\/wp-content\/uploads\/2024\/04\/2-768x576.jpg 768w, https:\/\/sparrow.up.poznan.pl\/life\/wp-content\/uploads\/2024\/04\/2-1536x1152.jpg 1536w, https:\/\/sparrow.up.poznan.pl\/life\/wp-content\/uploads\/2024\/04\/2-2048x1536.jpg 2048w\" sizes=\"(max-width: 1024px) 100vw, 1024px\" \/><\/figure>\n\n\n\n<figure class=\"wp-block-image size-large is-resized\"><img decoding=\"async\" width=\"1024\" height=\"768\" src=\"https:\/\/sparrow.up.poznan.pl\/life\/wp-content\/uploads\/2024\/04\/3-1024x768.jpg\" alt=\"\" class=\"wp-image-682\" style=\"width:840px;height:auto\" srcset=\"https:\/\/sparrow.up.poznan.pl\/life\/wp-content\/uploads\/2024\/04\/3-1024x768.jpg 1024w, https:\/\/sparrow.up.poznan.pl\/life\/wp-content\/uploads\/2024\/04\/3-300x225.jpg 300w, https:\/\/sparrow.up.poznan.pl\/life\/wp-content\/uploads\/2024\/04\/3-768x576.jpg 768w, https:\/\/sparrow.up.poznan.pl\/life\/wp-content\/uploads\/2024\/04\/3-1536x1152.jpg 1536w, https:\/\/sparrow.up.poznan.pl\/life\/wp-content\/uploads\/2024\/04\/3-2048x1536.jpg 2048w\" sizes=\"(max-width: 1024px) 100vw, 1024px\" \/><\/figure>\n\n\n\n<p>\u00a0Skontrolowano r\u00f3wnie\u017c miejsca przebywania i \u017cerowania orlik\u00f3w grubodziobych w g\u00f3rach Sakar, kt\u00f3re r\u00f3wnie\u017c nale\u017c\u0105 do systemu Natura 2000.\u00a0<\/p>\n\n\n\n<figure class=\"wp-block-image size-large\"><img loading=\"lazy\" decoding=\"async\" width=\"768\" height=\"1024\" src=\"https:\/\/sparrow.up.poznan.pl\/life\/wp-content\/uploads\/2024\/04\/4-768x1024.jpg\" alt=\"\" class=\"wp-image-683\" srcset=\"https:\/\/sparrow.up.poznan.pl\/life\/wp-content\/uploads\/2024\/04\/4-768x1024.jpg 768w, https:\/\/sparrow.up.poznan.pl\/life\/wp-content\/uploads\/2024\/04\/4-225x300.jpg 225w, https:\/\/sparrow.up.poznan.pl\/life\/wp-content\/uploads\/2024\/04\/4-1152x1536.jpg 1152w, https:\/\/sparrow.up.poznan.pl\/life\/wp-content\/uploads\/2024\/04\/4-1536x2048.jpg 1536w, https:\/\/sparrow.up.poznan.pl\/life\/wp-content\/uploads\/2024\/04\/4-scaled.jpg 1920w\" sizes=\"(max-width: 768px) 100vw, 768px\" \/><\/figure>\n\n\n\n<p>Podczas monitorowania zimowania gatunku w Bu\u0142garii sprawdzili\u015bmy r\u00f3wnie\u017c liczne tereny podmok\u0142e oraz okoliczne pastwiska i \u0142\u0105ki w pobli\u017cu miejsc realizacji projektu w po\u0142udniowej Bu\u0142garii, gdzie odnotowano zimowanie gatunku zgodnie z danymi pozyskanymi podczas przegl\u0105du literatury i baz\u0105 danych tworzon\u0105 przez BSPB.<\/p>\n\n\n\n<figure class=\"wp-block-image size-large\"><img loading=\"lazy\" decoding=\"async\" width=\"1024\" height=\"768\" src=\"https:\/\/sparrow.up.poznan.pl\/life\/wp-content\/uploads\/2024\/04\/5-1024x768.jpg\" alt=\"\" class=\"wp-image-684\" srcset=\"https:\/\/sparrow.up.poznan.pl\/life\/wp-content\/uploads\/2024\/04\/5-1024x768.jpg 1024w, https:\/\/sparrow.up.poznan.pl\/life\/wp-content\/uploads\/2024\/04\/5-300x225.jpg 300w, https:\/\/sparrow.up.poznan.pl\/life\/wp-content\/uploads\/2024\/04\/5-768x576.jpg 768w, https:\/\/sparrow.up.poznan.pl\/life\/wp-content\/uploads\/2024\/04\/5-1536x1152.jpg 1536w, https:\/\/sparrow.up.poznan.pl\/life\/wp-content\/uploads\/2024\/04\/5-2048x1536.jpg 2048w\" sizes=\"(max-width: 1024px) 100vw, 1024px\" \/><\/figure>\n","protected":false},"excerpt":{"rendered":"<p>Obszary wodno-b\u0142otne Bu\u0142garii s\u0105 kluczowym miejscem zimowania orlik\u00f3w grubodziobych. Zesp\u00f3\u0142 z Bu\u0142garskiego Towarzystwa Ochrony Ptak\u00f3w (BSPB) prowadzi\u0142 monitoring zimowisk orlika grubodziobego na Specjalnym Obszarze Ochrony Siedlisk (OSO) Mandra-Poda w po\u0142udniowej Bu\u0142garii. Zaobserwowali tam regularne zimowanie 1-2 osobnik\u00f3w oraz ptaki \u017ceruj\u0105ce w przybrze\u017cnych lagunach Morza Czarnego.<\/p>\n","protected":false},"author":2,"featured_media":680,"comment_status":"open","ping_status":"open","sticky":false,"template":"","format":"standard","meta":{"footnotes":""},"categories":[1],"tags":[],"aioseo_notices":[],"_links":{"self":[{"href":"https:\/\/sparrow.up.poznan.pl\/life\/wp-json\/wp\/v2\/posts\/679"}],"collection":[{"href":"https:\/\/sparrow.up.poznan.pl\/life\/wp-json\/wp\/v2\/posts"}],"about":[{"href":"https:\/\/sparrow.up.poznan.pl\/life\/wp-json\/wp\/v2\/types\/post"}],"author":[{"embeddable":true,"href":"https:\/\/sparrow.up.poznan.pl\/life\/wp-json\/wp\/v2\/users\/2"}],"replies":[{"embeddable":true,"href":"https:\/\/sparrow.up.poznan.pl\/life\/wp-json\/wp\/v2\/comments?post=679"}],"version-history":[{"count":2,"href":"https:\/\/sparrow.up.poznan.pl\/life\/wp-json\/wp\/v2\/posts\/679\/revisions"}],"predecessor-version":[{"id":706,"href":"https:\/\/sparrow.up.poznan.pl\/life\/wp-json\/wp\/v2\/posts\/679\/revisions\/706"}],"wp:featuredmedia":[{"embeddable":true,"href":"https:\/\/sparrow.up.poznan.pl\/life\/wp-json\/wp\/v2\/media\/680"}],"wp:attachment":[{"href":"https:\/\/sparrow.up.poznan.pl\/life\/wp-json\/wp\/v2\/media?parent=679"}],"wp:term":[{"taxonomy":"category","embeddable":true,"href":"https:\/\/sparrow.up.poznan.pl\/life\/wp-json\/wp\/v2\/categories?post=679"},{"taxonomy":"post_tag","embeddable":true,"href":"https:\/\/sparrow.up.poznan.pl\/life\/wp-json\/wp\/v2\/tags?post=679"}],"curies":[{"name":"wp","href":"https:\/\/api.w.org\/{rel}","templated":true}]}}