{"id":841,"date":"2024-09-19T13:07:36","date_gmt":"2024-09-19T11:07:36","guid":{"rendered":"https:\/\/sparrow.up.poznan.pl\/life\/?p=841"},"modified":"2024-12-13T14:09:18","modified_gmt":"2024-12-13T13:09:18","slug":"wojna-na-ukrainie","status":"publish","type":"post","link":"https:\/\/sparrow.up.poznan.pl\/life\/2024\/09\/19\/wojna-na-ukrainie\/","title":{"rendered":"Wojna na Ukrainie"},"content":{"rendered":"\t\t<div data-elementor-type=\"wp-post\" data-elementor-id=\"841\" class=\"elementor elementor-841\" data-elementor-post-type=\"post\">\n\t\t\t\t<div class=\"elementor-element elementor-element-66b3d6b e-flex e-con-boxed e-con e-parent\" data-id=\"66b3d6b\" data-element_type=\"container\" data-settings=\"{&quot;content_width&quot;:&quot;boxed&quot;}\" data-core-v316-plus=\"true\">\n\t\t\t\t\t<div class=\"e-con-inner\">\n\t\t\t\t<div class=\"elementor-element elementor-element-5fcb8db4 elementor-widget elementor-widget-text-editor\" data-id=\"5fcb8db4\" data-element_type=\"widget\" data-widget_type=\"text-editor.default\">\n\t\t\t\t<div class=\"elementor-widget-container\">\n\t\t\t<style>\/*! elementor - v3.19.0 - 28-02-2024 *\/\n.elementor-widget-text-editor.elementor-drop-cap-view-stacked .elementor-drop-cap{background-color:#69727d;color:#fff}.elementor-widget-text-editor.elementor-drop-cap-view-framed .elementor-drop-cap{color:#69727d;border:3px solid;background-color:transparent}.elementor-widget-text-editor:not(.elementor-drop-cap-view-default) .elementor-drop-cap{margin-top:8px}.elementor-widget-text-editor:not(.elementor-drop-cap-view-default) .elementor-drop-cap-letter{width:1em;height:1em}.elementor-widget-text-editor .elementor-drop-cap{float:left;text-align:center;line-height:1;font-size:50px}.elementor-widget-text-editor .elementor-drop-cap-letter{display:inline-block}<\/style>\t\t\t\t<p><!-- wp:table --><\/p>\n<figure class=\"wp-block-table\">\n<table>\n<tbody>\n<tr>\n<td>\u00a0<\/td>\n<\/tr>\n<\/tbody>\n<\/table>\n<\/figure>\n<p><!-- \/wp:table --><\/p>\n<p><!-- wp:image {\"id\":842,\"sizeSlug\":\"full\",\"linkDestination\":\"none\"} --><\/p>\n<figure class=\"wp-block-image size-full\"><img fetchpriority=\"high\" decoding=\"async\" width=\"1024\" height=\"683\" class=\"wp-image-842\" src=\"https:\/\/sparrow.up.poznan.pl\/life\/wp-content\/uploads\/2024\/09\/flag-of-ukrainian-peoples-republic-with-coat-of-arms-6d8ba4-1024.png\" alt=\"\" srcset=\"https:\/\/sparrow.up.poznan.pl\/life\/wp-content\/uploads\/2024\/09\/flag-of-ukrainian-peoples-republic-with-coat-of-arms-6d8ba4-1024.png 1024w, https:\/\/sparrow.up.poznan.pl\/life\/wp-content\/uploads\/2024\/09\/flag-of-ukrainian-peoples-republic-with-coat-of-arms-6d8ba4-1024-300x200.png 300w, https:\/\/sparrow.up.poznan.pl\/life\/wp-content\/uploads\/2024\/09\/flag-of-ukrainian-peoples-republic-with-coat-of-arms-6d8ba4-1024-768x512.png 768w\" sizes=\"(max-width: 1024px) 100vw, 1024px\" \/><\/figure>\n<p><!-- \/wp:image --><\/p>\n<p><!-- wp:paragraph --><\/p>\n<p>Wojna na Ukrainie zmienia trasy przelot\u00f3w or\u0142a grubodziobego. Takie wnioski wynikaj\u0105 z\u00a0<a href=\"https:\/\/www.endangeredlandscapes.org\/wp-content\/uploads\/2024\/05\/Active-European-warzone-impacts-raptor-migration.pdf\" target=\"_blank\" rel=\"noopener\">publikacji<\/a>\u00a0&#8222;<em>Active European warzone impacts raptor migration<\/em>&#8221; (Charlie J.G. Russell, Aldina M.A. Franco, Philip W. Atkinson, \u00dclo V\u00e4li, Adham Ashton-Butt, Current Biology; Volume 34, ISSUE 10, P2272-2277.e2, May 20, 2024, <a href=\"https:\/\/doi.org\/10.1016\/j.cub.2024.04.047\">DOI<\/a>), o czym donosi bu\u0142garski portal naukowych <a href=\"https:\/\/nauka.offnews.bg\/zhivotat\/vojnata-v-ukrajna-prenasochi-patia-na-migrirashtite-orli-200512.html\">OFFNews<\/a>.<\/p>\n<p><!-- \/wp:paragraph --><\/p>\t\t\t\t\t\t<\/div>\n\t\t\t\t<\/div>\n\t\t\t\t\t<\/div>\n\t\t\t\t<\/div>\n\t\t\t\t<\/div>\n\t\t","protected":false},"excerpt":{"rendered":"<p>orlik grubodzioby na Ukrainie<\/p>\n","protected":false},"author":2,"featured_media":0,"comment_status":"open","ping_status":"open","sticky":false,"template":"","format":"standard","meta":{"footnotes":""},"categories":[1],"tags":[9,10,8],"aioseo_notices":[],"_links":{"self":[{"href":"https:\/\/sparrow.up.poznan.pl\/life\/wp-json\/wp\/v2\/posts\/841"}],"collection":[{"href":"https:\/\/sparrow.up.poznan.pl\/life\/wp-json\/wp\/v2\/posts"}],"about":[{"href":"https:\/\/sparrow.up.poznan.pl\/life\/wp-json\/wp\/v2\/types\/post"}],"author":[{"embeddable":true,"href":"https:\/\/sparrow.up.poznan.pl\/life\/wp-json\/wp\/v2\/users\/2"}],"replies":[{"embeddable":true,"href":"https:\/\/sparrow.up.poznan.pl\/life\/wp-json\/wp\/v2\/comments?post=841"}],"version-history":[{"count":7,"href":"https:\/\/sparrow.up.poznan.pl\/life\/wp-json\/wp\/v2\/posts\/841\/revisions"}],"predecessor-version":[{"id":958,"href":"https:\/\/sparrow.up.poznan.pl\/life\/wp-json\/wp\/v2\/posts\/841\/revisions\/958"}],"wp:attachment":[{"href":"https:\/\/sparrow.up.poznan.pl\/life\/wp-json\/wp\/v2\/media?parent=841"}],"wp:term":[{"taxonomy":"category","embeddable":true,"href":"https:\/\/sparrow.up.poznan.pl\/life\/wp-json\/wp\/v2\/categories?post=841"},{"taxonomy":"post_tag","embeddable":true,"href":"https:\/\/sparrow.up.poznan.pl\/life\/wp-json\/wp\/v2\/tags?post=841"}],"curies":[{"name":"wp","href":"https:\/\/api.w.org\/{rel}","templated":true}]}}